{"id":2091,"date":"2023-05-18T21:48:11","date_gmt":"2023-05-19T01:48:11","guid":{"rendered":"https:\/\/fondationmaisonaphasie.ca\/?p=2091"},"modified":"2024-11-26T14:28:07","modified_gmt":"2024-11-26T19:28:07","slug":"les-40-ans-de-laqpa","status":"publish","type":"post","link":"https:\/\/fondationmaisonaphasie.ca\/en\/les-40-ans-de-laqpa\/","title":{"rendered":"Les 40 ans de l\u2019AQPA"},"content":{"rendered":"<div data-elementor-type=\"wp-post\" data-elementor-id=\"2091\" class=\"elementor elementor-2091\" data-elementor-post-type=\"post\">\n\t\t\t\t\t\t<section class=\"elementor-section elementor-top-section elementor-element elementor-element-32583d0 elementor-section-boxed elementor-section-height-default elementor-section-height-default\" data-id=\"32583d0\" data-element_type=\"section\">\n\t\t\t\t\t\t<div class=\"elementor-container elementor-column-gap-default\">\n\t\t\t\t\t<div class=\"elementor-column elementor-col-100 elementor-top-column elementor-element elementor-element-ffa7f7f\" data-id=\"ffa7f7f\" data-element_type=\"column\">\n\t\t\t<div class=\"elementor-widget-wrap elementor-element-populated\">\n\t\t\t\t\t\t<div class=\"elementor-element elementor-element-8512934 elementor-widget elementor-widget-text-editor\" data-id=\"8512934\" data-element_type=\"widget\" data-widget_type=\"text-editor.default\">\n\t\t\t\t<div class=\"elementor-widget-container\">\n\t\t\t\t\t\t\t\t\t<p>Le spectacle <a href=\"https:\/\/aphasie.ca\/apropos\/organisation\/notre-histoire\/\"><em>40 ans d\u2019histoire et de vie racont\u00e9s au Petit Prince en visite sur la plan\u00e8te aphasie<\/em><\/a> a r\u00e9uni plus de 300 spectateurs le 13 novembre 2022. L\u2019\u00e9motion \u00e9tait perceptible. On pleurait, on riait, car on s\u2019\u00e9mouvait de voir tant de personnes aphasiques chanter, danser, jouer et saluer fi\u00e8rement un public \u00e9tonn\u00e9 d\u2019avoir \u00e9t\u00e9 si subitement captiv\u00e9 par une histoire vraie, celle qui sort du c\u0153ur et qui s\u2019exprime simplement.&nbsp; Fruit de la collaboration entre le Choeur de l&rsquo;aphasie, le Th\u00e9\u00e2tre aphasique et l&rsquo;AQPA, ce spectacle survenu apr\u00e8s la Covid a rassembl\u00e9 une trentaine de personnes fort heureuses d&rsquo;y retrouver le dynamisme qu&rsquo;inspire une cr\u00e9ation commune, v\u00e9ritable d\u00e9fi auquel les personnes aphasiques aiment se confronter.<\/p>\t\t\t\t\t\t\t\t<\/div>\n\t\t\t\t<\/div>\n\t\t\t\t\t<\/div>\n\t\t<\/div>\n\t\t\t\t\t<\/div>\n\t\t<\/section>\n\t\t\t\t<\/div>","protected":false},"excerpt":{"rendered":"<p>Le spectacle 40 ans d\u2019histoire et de vie racont\u00e9s au Petit Prince en visite sur la plan\u00e8te aphasie a r\u00e9uni plus de 300 spectateurs le 13 novembre 2022. L\u2019\u00e9motion \u00e9tait perceptible. On pleurait, on riait, car on s\u2019\u00e9mouvait de voir tant de personnes aphasiques chanter, danser, jouer et saluer fi\u00e8rement un public \u00e9tonn\u00e9 d\u2019avoir \u00e9t\u00e9&hellip; <a class=\"more-link\" href=\"https:\/\/fondationmaisonaphasie.ca\/en\/les-40-ans-de-laqpa\/\">Continue reading <span class=\"screen-reader-text\">Les 40 ans de l\u2019AQPA<\/span><\/a><\/p>","protected":false},"author":3,"featured_media":0,"comment_status":"open","ping_status":"open","sticky":false,"template":"","format":"standard","meta":{"footnotes":""},"categories":[17],"tags":[22],"class_list":["post-2091","post","type-post","status-publish","format-standard","hentry","category-annonces","tag-aqpa","entry"],"_links":{"self":[{"href":"https:\/\/fondationmaisonaphasie.ca\/en\/wp-json\/wp\/v2\/posts\/2091","targetHints":{"allow":["GET"]}}],"collection":[{"href":"https:\/\/fondationmaisonaphasie.ca\/en\/wp-json\/wp\/v2\/posts"}],"about":[{"href":"https:\/\/fondationmaisonaphasie.ca\/en\/wp-json\/wp\/v2\/types\/post"}],"author":[{"embeddable":true,"href":"https:\/\/fondationmaisonaphasie.ca\/en\/wp-json\/wp\/v2\/users\/3"}],"replies":[{"embeddable":true,"href":"https:\/\/fondationmaisonaphasie.ca\/en\/wp-json\/wp\/v2\/comments?post=2091"}],"version-history":[{"count":10,"href":"https:\/\/fondationmaisonaphasie.ca\/en\/wp-json\/wp\/v2\/posts\/2091\/revisions"}],"predecessor-version":[{"id":3007,"href":"https:\/\/fondationmaisonaphasie.ca\/en\/wp-json\/wp\/v2\/posts\/2091\/revisions\/3007"}],"wp:attachment":[{"href":"https:\/\/fondationmaisonaphasie.ca\/en\/wp-json\/wp\/v2\/media?parent=2091"}],"wp:term":[{"taxonomy":"category","embeddable":true,"href":"https:\/\/fondationmaisonaphasie.ca\/en\/wp-json\/wp\/v2\/categories?post=2091"},{"taxonomy":"post_tag","embeddable":true,"href":"https:\/\/fondationmaisonaphasie.ca\/en\/wp-json\/wp\/v2\/tags?post=2091"}],"curies":[{"name":"wp","href":"https:\/\/api.w.org\/{rel}","templated":true}]}}