{"id":2095,"date":"2023-05-25T21:49:16","date_gmt":"2023-05-26T01:49:16","guid":{"rendered":"https:\/\/fondationmaisonaphasie.ca\/?p=2095"},"modified":"2024-12-05T21:20:26","modified_gmt":"2024-12-06T02:20:26","slug":"la-maison-de-laphasie","status":"publish","type":"post","link":"https:\/\/fondationmaisonaphasie.ca\/en\/la-maison-de-laphasie\/","title":{"rendered":"La maison de l\u2019aphasie"},"content":{"rendered":"<div data-elementor-type=\"wp-post\" data-elementor-id=\"2095\" class=\"elementor elementor-2095\" data-elementor-post-type=\"post\">\n\t\t\t\t\t\t<section class=\"elementor-section elementor-top-section elementor-element elementor-element-4c14784 elementor-section-boxed elementor-section-height-default elementor-section-height-default\" data-id=\"4c14784\" data-element_type=\"section\">\n\t\t\t\t\t\t<div class=\"elementor-container elementor-column-gap-default\">\n\t\t\t\t\t<div class=\"elementor-column elementor-col-100 elementor-top-column elementor-element elementor-element-184fe0c\" data-id=\"184fe0c\" data-element_type=\"column\">\n\t\t\t<div class=\"elementor-widget-wrap elementor-element-populated\">\n\t\t\t\t\t\t<div class=\"elementor-element elementor-element-15086b3 elementor-widget elementor-widget-text-editor\" data-id=\"15086b3\" data-element_type=\"widget\" data-widget_type=\"text-editor.default\">\n\t\t\t\t<div class=\"elementor-widget-container\">\n\t\t\t\t\t\t\t\t\t<p>Loger des personnes aphasiques ayant de faibles moyens demeure le principal objectif de la FMA.\u00a0 Depuis l&rsquo;abandon du projet Convergence Griffintown, faute de financement, la fondation a fait diverses d\u00e9marches afin de trouver des partenaires.<\/p><p>Au cours de l&rsquo;\u00e9t\u00e9 2024, les pr\u00e9sidente et vice-pr\u00e9sidente du conseil d&rsquo;administration, Guylaine Le Dorze et Christiane G\u00e9linas, ainsi que la directrice g\u00e9n\u00e9rale, Louise Bourbonnais, ont pr\u00e9sent\u00e9 le projet d&rsquo;une maison de l&rsquo;aphasie au directeur de la <a href=\"https:\/\/mainbourg.org\/\">Corporation Mainbourg<\/a> en pr\u00e9sence de leur conseiller l\u00e9gal, Me Pierre B. Paquin<\/p>\t\t\t\t\t\t\t\t<\/div>\n\t\t\t\t<\/div>\n\t\t\t\t\t<\/div>\n\t\t<\/div>\n\t\t\t\t\t<\/div>\n\t\t<\/section>\n\t\t\t\t<\/div>","protected":false},"excerpt":{"rendered":"<p>Loger des personnes aphasiques ayant de faibles moyens demeure le principal objectif de la FMA.\u00a0 Depuis l&rsquo;abandon du projet Convergence Griffintown, faute de financement, la fondation a fait diverses d\u00e9marches afin de trouver des partenaires. Au cours de l&rsquo;\u00e9t\u00e9 2024, les pr\u00e9sidente et vice-pr\u00e9sidente du conseil d&rsquo;administration, Guylaine Le Dorze et Christiane G\u00e9linas, ainsi que&hellip; <a class=\"more-link\" href=\"https:\/\/fondationmaisonaphasie.ca\/en\/la-maison-de-laphasie\/\">Continue reading <span class=\"screen-reader-text\">La maison de l\u2019aphasie<\/span><\/a><\/p>","protected":false},"author":3,"featured_media":0,"comment_status":"open","ping_status":"open","sticky":false,"template":"","format":"standard","meta":{"footnotes":""},"categories":[17],"tags":[],"class_list":["post-2095","post","type-post","status-publish","format-standard","hentry","category-annonces","entry"],"_links":{"self":[{"href":"https:\/\/fondationmaisonaphasie.ca\/en\/wp-json\/wp\/v2\/posts\/2095","targetHints":{"allow":["GET"]}}],"collection":[{"href":"https:\/\/fondationmaisonaphasie.ca\/en\/wp-json\/wp\/v2\/posts"}],"about":[{"href":"https:\/\/fondationmaisonaphasie.ca\/en\/wp-json\/wp\/v2\/types\/post"}],"author":[{"embeddable":true,"href":"https:\/\/fondationmaisonaphasie.ca\/en\/wp-json\/wp\/v2\/users\/3"}],"replies":[{"embeddable":true,"href":"https:\/\/fondationmaisonaphasie.ca\/en\/wp-json\/wp\/v2\/comments?post=2095"}],"version-history":[{"count":10,"href":"https:\/\/fondationmaisonaphasie.ca\/en\/wp-json\/wp\/v2\/posts\/2095\/revisions"}],"predecessor-version":[{"id":3172,"href":"https:\/\/fondationmaisonaphasie.ca\/en\/wp-json\/wp\/v2\/posts\/2095\/revisions\/3172"}],"wp:attachment":[{"href":"https:\/\/fondationmaisonaphasie.ca\/en\/wp-json\/wp\/v2\/media?parent=2095"}],"wp:term":[{"taxonomy":"category","embeddable":true,"href":"https:\/\/fondationmaisonaphasie.ca\/en\/wp-json\/wp\/v2\/categories?post=2095"},{"taxonomy":"post_tag","embeddable":true,"href":"https:\/\/fondationmaisonaphasie.ca\/en\/wp-json\/wp\/v2\/tags?post=2095"}],"curies":[{"name":"wp","href":"https:\/\/api.w.org\/{rel}","templated":true}]}}